{"id":289,"date":"2020-03-24T14:11:07","date_gmt":"2020-03-24T13:11:07","guid":{"rendered":"https:\/\/www.living-emotions.org\/es\/?p=289"},"modified":"2020-06-17T13:29:29","modified_gmt":"2020-06-17T11:29:29","slug":"blog-1","status":"publish","type":"post","link":"https:\/\/www.living-emotions.org\/es\/blog-1\/","title":{"rendered":"\u00a1Empezamos!"},"content":{"rendered":"\n<figure class=\"wp-block-image\"><img loading=\"lazy\" decoding=\"async\" width=\"992\" height=\"744\" src=\"https:\/\/www.living-emotions.org\/es\/wp-content\/uploads\/2020\/03\/FOTO-SESION.jpg\" alt=\"\" class=\"wp-image-290\" srcset=\"https:\/\/www.living-emotions.org\/es\/wp-content\/uploads\/2020\/03\/FOTO-SESION.jpg 992w, https:\/\/www.living-emotions.org\/es\/wp-content\/uploads\/2020\/03\/FOTO-SESION-300x225.jpg 300w, https:\/\/www.living-emotions.org\/es\/wp-content\/uploads\/2020\/03\/FOTO-SESION-768x576.jpg 768w\" sizes=\"(max-width: 992px) 100vw, 992px\" \/><\/figure>\n\n\n\n<p>Hemos iniciado el curso Living Emotions en el Centro de Rehabilitaci\u00f3n Psicosocial que gestiona Fundaci\u00f3n INTRAS en Zamora. Lo hemos incorporado como parte de los programas de intervenci\u00f3n terap\u00e9utica que realizamos en el centro, bajo el modelo de trabajo de Recuperaci\u00f3n en Salud Mental. Un grupo de personas con problemas de salud mental participan en el programa, que se lleva a cabo todos los martes a las 10:30. Hemos tenido dos sesiones previas que nos han permitido conocernos y tomar confianza para hablar de nosotros mismos, y en nuestra tercera sesi\u00f3n hemos comenzado a adentrarnos en las emociones. Que dif\u00edcil resulta poner en palabras nuestros sentimientos, identificar como surgen, como me afectan y c\u00f3mo influyen en mi conducta. Es un camino de expresi\u00f3n emocional que hemos empezado a recorrer e iremos relatando nuestros avances. <\/p>\n","protected":false},"excerpt":{"rendered":"<p>Hemos iniciado el curso Living Emotions en el Centro de Rehabilitaci\u00f3n Psicosocial que gestiona Fundaci\u00f3n INTRAS en Zamora. Lo hemos incorporado como parte de los programas de intervenci\u00f3n terap\u00e9utica que realizamos en el centro, bajo el modelo de trabajo de Recuperaci\u00f3n en Salud Mental. Un grupo de personas con problemas de salud mental participan en [&hellip;]<\/p>\n","protected":false},"author":1,"featured_media":0,"comment_status":"open","ping_status":"open","sticky":false,"template":"","format":"standard","meta":{"_genesis_hide_title":false,"_genesis_hide_breadcrumbs":false,"_genesis_hide_singular_image":false,"_genesis_hide_footer_widgets":false,"_genesis_custom_body_class":"","_genesis_custom_post_class":"","_genesis_layout":"","footnotes":""},"categories":[1,6],"tags":[],"_links":{"self":[{"href":"https:\/\/www.living-emotions.org\/es\/wp-json\/wp\/v2\/posts\/289"}],"collection":[{"href":"https:\/\/www.living-emotions.org\/es\/wp-json\/wp\/v2\/posts"}],"about":[{"href":"https:\/\/www.living-emotions.org\/es\/wp-json\/wp\/v2\/types\/post"}],"author":[{"embeddable":true,"href":"https:\/\/www.living-emotions.org\/es\/wp-json\/wp\/v2\/users\/1"}],"replies":[{"embeddable":true,"href":"https:\/\/www.living-emotions.org\/es\/wp-json\/wp\/v2\/comments?post=289"}],"version-history":[{"count":2,"href":"https:\/\/www.living-emotions.org\/es\/wp-json\/wp\/v2\/posts\/289\/revisions"}],"predecessor-version":[{"id":293,"href":"https:\/\/www.living-emotions.org\/es\/wp-json\/wp\/v2\/posts\/289\/revisions\/293"}],"wp:attachment":[{"href":"https:\/\/www.living-emotions.org\/es\/wp-json\/wp\/v2\/media?parent=289"}],"wp:term":[{"taxonomy":"category","embeddable":true,"href":"https:\/\/www.living-emotions.org\/es\/wp-json\/wp\/v2\/categories?post=289"},{"taxonomy":"post_tag","embeddable":true,"href":"https:\/\/www.living-emotions.org\/es\/wp-json\/wp\/v2\/tags?post=289"}],"curies":[{"name":"wp","href":"https:\/\/api.w.org\/{rel}","templated":true}]}}