{"id":294,"date":"2020-06-17T13:38:13","date_gmt":"2020-06-17T11:38:13","guid":{"rendered":"https:\/\/www.living-emotions.org\/es\/?p=294"},"modified":"2020-06-17T13:38:14","modified_gmt":"2020-06-17T11:38:14","slug":"emociones-contenidas","status":"publish","type":"post","link":"https:\/\/www.living-emotions.org\/es\/emociones-contenidas\/","title":{"rendered":"EMOCIONES CONTENIDAS"},"content":{"rendered":"\n<p>Cuando nuestro curso Living eMotions (Viviendo emociones) estaba cogiendo ritmo, la pandemia COVID-19 nos oblig\u00f3 a parar bruscamente. Es ahora cuando estamos empezando a recuperar poco a poco la \u201cnormalidad\u201d, as\u00ed entre comillas, porque esa palabra siempre deber\u00eda ir entrecomillada (sabemos de lo que hablamos). Y es ahora cuando, echando la vista atr\u00e1s, nos damos cuenta del gran impacto que estas pasadas semanas tendr\u00e1n en nuestras vidas. Pero nosotros somos expertos en recuperaci\u00f3n, esta compa\u00f1era de vida que es la enfermedad mental nos obliga a levantarnos una y otra vez, y con cada ca\u00edda aprendemos algo, aunque muchas veces no nos demos cuenta. En esta ocasi\u00f3n nos hemos ca\u00eddo todos a la vez y ese sentimiento de comunidad nos ha ayudado y nos ayuda a sobrellevarlo mejor. Ese sentimiento es el que estaba empezando a nacer tambi\u00e9n en el grupo Living eMotions, el que nos ha hecho echar de menos estas semanas a los compa\u00f1eros de sesiones y el que nos provoca un hormigueo en el est\u00f3mago al pensar que pronto volveremos a reencontrarnos. Tendremos muchas cosas de las que hablar pero, sobre todo, muchas emociones que compartir.<\/p>\n\n\n\n<figure class=\"wp-block-image size-large\"><img loading=\"lazy\" decoding=\"async\" width=\"533\" height=\"800\" src=\"https:\/\/www.living-emotions.org\/es\/wp-content\/uploads\/2020\/06\/EMOCIONES-CONTENIDAS.jpg\" alt=\"\" class=\"wp-image-295\" srcset=\"https:\/\/www.living-emotions.org\/es\/wp-content\/uploads\/2020\/06\/EMOCIONES-CONTENIDAS.jpg 533w, https:\/\/www.living-emotions.org\/es\/wp-content\/uploads\/2020\/06\/EMOCIONES-CONTENIDAS-200x300.jpg 200w\" sizes=\"(max-width: 533px) 100vw, 533px\" \/><\/figure>\n\n\n\n<p><\/p>\n","protected":false},"excerpt":{"rendered":"<p>Cuando nuestro curso Living eMotions (Viviendo emociones) estaba cogiendo ritmo, la pandemia COVID-19 nos oblig\u00f3 a parar bruscamente. Es ahora cuando estamos empezando a recuperar poco a poco la \u201cnormalidad\u201d, as\u00ed entre comillas, porque esa palabra siempre deber\u00eda ir entrecomillada (sabemos de lo que hablamos). Y es ahora cuando, echando la vista atr\u00e1s, nos damos [&hellip;]<\/p>\n","protected":false},"author":1,"featured_media":295,"comment_status":"open","ping_status":"open","sticky":false,"template":"","format":"standard","meta":{"_genesis_hide_title":false,"_genesis_hide_breadcrumbs":false,"_genesis_hide_singular_image":false,"_genesis_hide_footer_widgets":false,"_genesis_custom_body_class":"","_genesis_custom_post_class":"","_genesis_layout":"","footnotes":""},"categories":[6],"tags":[],"_links":{"self":[{"href":"https:\/\/www.living-emotions.org\/es\/wp-json\/wp\/v2\/posts\/294"}],"collection":[{"href":"https:\/\/www.living-emotions.org\/es\/wp-json\/wp\/v2\/posts"}],"about":[{"href":"https:\/\/www.living-emotions.org\/es\/wp-json\/wp\/v2\/types\/post"}],"author":[{"embeddable":true,"href":"https:\/\/www.living-emotions.org\/es\/wp-json\/wp\/v2\/users\/1"}],"replies":[{"embeddable":true,"href":"https:\/\/www.living-emotions.org\/es\/wp-json\/wp\/v2\/comments?post=294"}],"version-history":[{"count":1,"href":"https:\/\/www.living-emotions.org\/es\/wp-json\/wp\/v2\/posts\/294\/revisions"}],"predecessor-version":[{"id":296,"href":"https:\/\/www.living-emotions.org\/es\/wp-json\/wp\/v2\/posts\/294\/revisions\/296"}],"wp:featuredmedia":[{"embeddable":true,"href":"https:\/\/www.living-emotions.org\/es\/wp-json\/wp\/v2\/media\/295"}],"wp:attachment":[{"href":"https:\/\/www.living-emotions.org\/es\/wp-json\/wp\/v2\/media?parent=294"}],"wp:term":[{"taxonomy":"category","embeddable":true,"href":"https:\/\/www.living-emotions.org\/es\/wp-json\/wp\/v2\/categories?post=294"},{"taxonomy":"post_tag","embeddable":true,"href":"https:\/\/www.living-emotions.org\/es\/wp-json\/wp\/v2\/tags?post=294"}],"curies":[{"name":"wp","href":"https:\/\/api.w.org\/{rel}","templated":true}]}}