{"id":298,"date":"2020-06-26T08:31:42","date_gmt":"2020-06-26T06:31:42","guid":{"rendered":"https:\/\/www.living-emotions.org\/es\/?p=298"},"modified":"2020-06-26T08:31:44","modified_gmt":"2020-06-26T06:31:44","slug":"por-fin-volvemos","status":"publish","type":"post","link":"https:\/\/www.living-emotions.org\/es\/por-fin-volvemos\/","title":{"rendered":"\u00a1POR FIN VOLVEMOS!"},"content":{"rendered":"\n<p>El martes 23 de junio, despu\u00e9s de todas estas semanas separados y con tantas emociones contenidas, por fin pudimos reencontrarnos. Hemos podido retomar el curso Living e-Motions donde lo dejamos, aunque por desgracia no todas las personas que comenzaron la formaci\u00f3n han podido continuar. Debido a las restricciones por el COVID-19, el grupo ha tenido que reducirse a solo cinco personas y por supuesto extremando las medidas de precauci\u00f3n para que las sesiones transcurran de la forma m\u00e1s segura posible. Nuestros participantes han venido muy motivados y participativos, con ganas de seguir trabajando en su historia de recuperaci\u00f3n. Sin duda las sesiones de Living eMotions ser\u00e1n de gran utilidad para trabajar todas esas emociones que han ido apareciendo durante los duros d\u00edas de confinamiento.<\/p>\n\n\n\n<figure class=\"wp-block-image size-large\"><img loading=\"lazy\" decoding=\"async\" width=\"754\" height=\"1008\" src=\"https:\/\/www.living-emotions.org\/es\/wp-content\/uploads\/2020\/06\/Por-fin-volvemos.jpg\" alt=\"\" class=\"wp-image-299\" srcset=\"https:\/\/www.living-emotions.org\/es\/wp-content\/uploads\/2020\/06\/Por-fin-volvemos.jpg 754w, https:\/\/www.living-emotions.org\/es\/wp-content\/uploads\/2020\/06\/Por-fin-volvemos-224x300.jpg 224w\" sizes=\"(max-width: 754px) 100vw, 754px\" \/><\/figure>\n","protected":false},"excerpt":{"rendered":"<p>El martes 23 de junio, despu\u00e9s de todas estas semanas separados y con tantas emociones contenidas, por fin pudimos reencontrarnos. Hemos podido retomar el curso Living e-Motions donde lo dejamos, aunque por desgracia no todas las personas que comenzaron la formaci\u00f3n han podido continuar. Debido a las restricciones por el COVID-19, el grupo ha tenido [&hellip;]<\/p>\n","protected":false},"author":1,"featured_media":299,"comment_status":"open","ping_status":"open","sticky":false,"template":"","format":"standard","meta":{"_genesis_hide_title":false,"_genesis_hide_breadcrumbs":false,"_genesis_hide_singular_image":false,"_genesis_hide_footer_widgets":false,"_genesis_custom_body_class":"","_genesis_custom_post_class":"","_genesis_layout":"","footnotes":""},"categories":[6],"tags":[],"_links":{"self":[{"href":"https:\/\/www.living-emotions.org\/es\/wp-json\/wp\/v2\/posts\/298"}],"collection":[{"href":"https:\/\/www.living-emotions.org\/es\/wp-json\/wp\/v2\/posts"}],"about":[{"href":"https:\/\/www.living-emotions.org\/es\/wp-json\/wp\/v2\/types\/post"}],"author":[{"embeddable":true,"href":"https:\/\/www.living-emotions.org\/es\/wp-json\/wp\/v2\/users\/1"}],"replies":[{"embeddable":true,"href":"https:\/\/www.living-emotions.org\/es\/wp-json\/wp\/v2\/comments?post=298"}],"version-history":[{"count":1,"href":"https:\/\/www.living-emotions.org\/es\/wp-json\/wp\/v2\/posts\/298\/revisions"}],"predecessor-version":[{"id":300,"href":"https:\/\/www.living-emotions.org\/es\/wp-json\/wp\/v2\/posts\/298\/revisions\/300"}],"wp:featuredmedia":[{"embeddable":true,"href":"https:\/\/www.living-emotions.org\/es\/wp-json\/wp\/v2\/media\/299"}],"wp:attachment":[{"href":"https:\/\/www.living-emotions.org\/es\/wp-json\/wp\/v2\/media?parent=298"}],"wp:term":[{"taxonomy":"category","embeddable":true,"href":"https:\/\/www.living-emotions.org\/es\/wp-json\/wp\/v2\/categories?post=298"},{"taxonomy":"post_tag","embeddable":true,"href":"https:\/\/www.living-emotions.org\/es\/wp-json\/wp\/v2\/tags?post=298"}],"curies":[{"name":"wp","href":"https:\/\/api.w.org\/{rel}","templated":true}]}}